{"id":8277,"date":"2021-11-02T14:39:18","date_gmt":"2021-11-02T18:39:18","guid":{"rendered":"https:\/\/brunelimmigration.com\/?p=8277"},"modified":"2022-03-07T21:10:55","modified_gmt":"2022-03-07T20:10:55","slug":"le-mois-doctobre-en-immigration","status":"publish","type":"post","link":"https:\/\/brunelimmigration.com\/blog\/2021\/11\/02\/le-mois-doctobre-en-immigration\/","title":{"rendered":"LE MOIS D\u2019OCTOBRE EN IMMIGRATION"},"content":{"rendered":"\r\n<p><strong>Preuve de vaccination pour voyager au Canada<\/strong><\/p>\r\n\r\n\r\n\r\n<p>Depuis le 30 octobre 2021, tous les voyageurs de 12 ans et plus qui prennent un vol depuis certains a\u00e9roports canadiens, ainsi que les voyageurs \u00e0 bord des trains VIA Rail et Rocky Mountaineer, devront \u00eatre enti\u00e8rement vaccin\u00e9s pour pouvoir voyager. Il y aura une courte p\u00e9riode de transition pendant laquelle les voyageurs pourront voyager s\u2019ils pr\u00e9sentent un test mol\u00e9culaire contre la COVID-19 effectu\u00e9 dans les 72 heures pr\u00e9c\u00e9dant le voyage, au lieu de fournir une preuve de vaccination compl\u00e8te. Si les voyageurs n\u2019ont pas encore entam\u00e9 le processus de vaccination, ou s\u2019ils ne le font pas bient\u00f4t, ils risquent de ne pas pouvoir voyager \u00e0 partir du 30 novembre 2021.<\/p>\r\n\r\n\r\n\r\n<p><strong>Suspension du volet 2 du Programme des entrepreneurs<\/strong><\/p>\r\n\r\n\r\n\r\n<p>Le MIFI a prolong\u00e9 la suspension de la r\u00e9ception des demandes d\u00e9pos\u00e9es dans le volet 2 du Programme des entrepreneurs du Qu\u00e9bec jusqu\u2019au 31 d\u00e9cembre 2022. Le programme devait initialement rouvrir au 1<sup>er<\/sup> novembre 2021.<\/p>\r\n\r\n\r\n\r\n<p><strong>Assouplissements au Programme des travailleurs \u00e9trangers temporaires<\/strong><\/p>\r\n\r\n\r\n\r\n<p>Dans le cadre de l\u2019entente concernant le Programme des travailleurs \u00e9trangers temporaires (PTET) conclue avec le gouvernement f\u00e9d\u00e9ral en ao\u00fbt dernier, le Qu\u00e9bec a pr\u00e9sent\u00e9 la liste des professions admissibles aux assouplissements promis. Ces assouplissements peuvent se r\u00e9sumer ainsi\u00a0:<\/p>\r\n\r\n\r\n\r\n<ul>\r\n<li>Une hausse de 10 \u00e0 20\u00a0% du seuil du nombre de TET par lieu de travail dans le volet des postes \u00e0 bas salaire, dans des secteurs \u00e9conomiques donn\u00e9s;<\/li>\r\n<\/ul>\r\n\r\n\r\n\r\n<ul>\r\n<li>Un \u00e9largissement de l&rsquo;admissibilit\u00e9 au traitement simplifi\u00e9, en y incluant certaines professions peu sp\u00e9cialis\u00e9es (de niveau C selon la Classification nationale des professions);<\/li>\r\n<\/ul>\r\n\r\n\r\n\r\n<ul>\r\n<li>Une exemption accord\u00e9e pour certaines professions peu ou non sp\u00e9cialis\u00e9es (de niveau\u00a0D) concernant les exigences d&rsquo;affichage et de d\u00e9monstration des efforts de recrutement;<\/li>\r\n<\/ul>\r\n\r\n\r\n\r\n<ul>\r\n<li>Une exemption de l&rsquo;application du refus de traitement pour certaines micro\u00e9conomies.<\/li>\r\n<\/ul>\r\n\r\n\r\n\r\n<p>Au cours des prochaines semaines, ces assouplissements temporaires seront mis en application par le gouvernement f\u00e9d\u00e9ral et demeureront en vigueur jusqu&rsquo;en d\u00e9cembre 2023.<\/p>\r\n","protected":false},"excerpt":{"rendered":"<p>Preuve de vaccination pour voyager au Canada Depuis le 30 [&hellip;]<\/p>\n","protected":false},"author":1,"featured_media":11101,"comment_status":"open","ping_status":"open","sticky":false,"template":"","format":"standard","meta":[],"categories":[3],"tags":[],"_links":{"self":[{"href":"https:\/\/brunelimmigration.com\/blog\/wp-json\/wp\/v2\/posts\/8277"}],"collection":[{"href":"https:\/\/brunelimmigration.com\/blog\/wp-json\/wp\/v2\/posts"}],"about":[{"href":"https:\/\/brunelimmigration.com\/blog\/wp-json\/wp\/v2\/types\/post"}],"author":[{"embeddable":true,"href":"https:\/\/brunelimmigration.com\/blog\/wp-json\/wp\/v2\/users\/1"}],"replies":[{"embeddable":true,"href":"https:\/\/brunelimmigration.com\/blog\/wp-json\/wp\/v2\/comments?post=8277"}],"version-history":[{"count":1,"href":"https:\/\/brunelimmigration.com\/blog\/wp-json\/wp\/v2\/posts\/8277\/revisions"}],"predecessor-version":[{"id":11112,"href":"https:\/\/brunelimmigration.com\/blog\/wp-json\/wp\/v2\/posts\/8277\/revisions\/11112"}],"wp:featuredmedia":[{"embeddable":true,"href":"https:\/\/brunelimmigration.com\/blog\/wp-json\/wp\/v2\/media\/11101"}],"wp:attachment":[{"href":"https:\/\/brunelimmigration.com\/blog\/wp-json\/wp\/v2\/media?parent=8277"}],"wp:term":[{"taxonomy":"category","embeddable":true,"href":"https:\/\/brunelimmigration.com\/blog\/wp-json\/wp\/v2\/categories?post=8277"},{"taxonomy":"post_tag","embeddable":true,"href":"https:\/\/brunelimmigration.com\/blog\/wp-json\/wp\/v2\/tags?post=8277"}],"curies":[{"name":"wp","href":"https:\/\/api.w.org\/{rel}","templated":true}]}}