{"id":5656,"date":"2021-07-19T17:28:41","date_gmt":"2021-07-19T21:28:41","guid":{"rendered":"https:\/\/brunelimmigration.com\/?p=5656"},"modified":"2022-03-07T21:11:43","modified_gmt":"2022-03-07T20:11:43","slug":"covid-19-changements-aux-restrictions-de-voyage","status":"publish","type":"post","link":"https:\/\/brunelimmigration.com\/blog\/2021\/07\/19\/covid-19-changements-aux-restrictions-de-voyage\/","title":{"rendered":"COVID-19 \u2013 Changements aux restrictions de voyage"},"content":{"rendered":"\r\n<p>Le gouvernement canadien a annonc\u00e9 plusieurs changements en lien avec les restrictions de voyage et les mesures de sant\u00e9 publique pour les voyageurs. Voici un petit retour sur les principaux changements des derni\u00e8res semaines\u00a0:<\/p>\r\n\r\n\r\n\r\n<ul>\r\n<li><strong>Personnes \u00e0 l\u2019\u00e9tranger dont la demande de r\u00e9sidence permanente a \u00e9t\u00e9 approuv\u00e9e\u00a0<\/strong>: Depuis le 21\u00a0juin\u00a02021, tout ressortissant \u00e9tranger titulaire d\u2019une confirmation de r\u00e9sidence permanente (CRP) valide peut se rendre au Canada.<\/li>\r\n<li><strong>Assouplissement des mesures de sant\u00e9 publique pour les voyageurs enti\u00e8rement vaccin\u00e9s\u00a0<\/strong>: Depuis le 5 juillet 2021, les personnes autoris\u00e9es \u00e0 voyager au Canada qui sont enti\u00e8rement vaccin\u00e9es et respectent toutes les conditions sont dispens\u00e9es du s\u00e9jour de 3 jours \u00e0 l\u2019h\u00f4tel, de la quarantaine de 14 jours et du test de d\u00e9pistage du 8<sup>e<\/sup> jour.<\/li>\r\n<li><strong>D\u00e9placements discr\u00e9tionnaires pour les citoyens et les r\u00e9sidents permanents des \u00c9tats-Unis\u00a0<\/strong>: \u00c0 compter du 9 ao\u00fbt 2021, les citoyens et r\u00e9sidents permanents enti\u00e8rement vaccin\u00e9s des \u00c9tats-Unis, qui vivent actuellement dans ce pays, pourront entrer au Canada pour un voyage discr\u00e9tionnaire (non essentiel).\u00a0<\/li>\r\n<li><strong>D\u00e9placements discr\u00e9tionnaires pour les ressortissants de d\u2019autres pays\u00a0<\/strong>: Le 7 septembre 2021, si la situation sanitaire le permet, le Canada entend ouvrir ses fronti\u00e8res aux voyageurs qui se d\u00e9placent pour un motif discr\u00e9tionnaire, peu importe le pays d\u2019o\u00f9 ils arrivent, s&rsquo;ils ont \u00e9t\u00e9 enti\u00e8rement vaccin\u00e9s et s&rsquo;ils satisfont \u00e0 certaines conditions d&rsquo;entr\u00e9e.<\/li>\r\n<\/ul>\r\n","protected":false},"excerpt":{"rendered":"<p>Le gouvernement canadien a annonc\u00e9 plusieurs changements en lien avec [&hellip;]<\/p>\n","protected":false},"author":1,"featured_media":11103,"comment_status":"open","ping_status":"open","sticky":false,"template":"","format":"standard","meta":[],"categories":[3],"tags":[],"_links":{"self":[{"href":"https:\/\/brunelimmigration.com\/blog\/wp-json\/wp\/v2\/posts\/5656"}],"collection":[{"href":"https:\/\/brunelimmigration.com\/blog\/wp-json\/wp\/v2\/posts"}],"about":[{"href":"https:\/\/brunelimmigration.com\/blog\/wp-json\/wp\/v2\/types\/post"}],"author":[{"embeddable":true,"href":"https:\/\/brunelimmigration.com\/blog\/wp-json\/wp\/v2\/users\/1"}],"replies":[{"embeddable":true,"href":"https:\/\/brunelimmigration.com\/blog\/wp-json\/wp\/v2\/comments?post=5656"}],"version-history":[{"count":1,"href":"https:\/\/brunelimmigration.com\/blog\/wp-json\/wp\/v2\/posts\/5656\/revisions"}],"predecessor-version":[{"id":11116,"href":"https:\/\/brunelimmigration.com\/blog\/wp-json\/wp\/v2\/posts\/5656\/revisions\/11116"}],"wp:featuredmedia":[{"embeddable":true,"href":"https:\/\/brunelimmigration.com\/blog\/wp-json\/wp\/v2\/media\/11103"}],"wp:attachment":[{"href":"https:\/\/brunelimmigration.com\/blog\/wp-json\/wp\/v2\/media?parent=5656"}],"wp:term":[{"taxonomy":"category","embeddable":true,"href":"https:\/\/brunelimmigration.com\/blog\/wp-json\/wp\/v2\/categories?post=5656"},{"taxonomy":"post_tag","embeddable":true,"href":"https:\/\/brunelimmigration.com\/blog\/wp-json\/wp\/v2\/tags?post=5656"}],"curies":[{"name":"wp","href":"https:\/\/api.w.org\/{rel}","templated":true}]}}