{"id":4574,"date":"2021-05-10T17:53:16","date_gmt":"2021-05-10T21:53:16","guid":{"rendered":"https:\/\/brunelimmigration.com\/?p=4574"},"modified":"2022-03-07T21:12:01","modified_gmt":"2022-03-07T20:12:01","slug":"nouvelle-voie-vers-la-residence-permanente-hors-quebec","status":"publish","type":"post","link":"https:\/\/brunelimmigration.com\/blog\/2021\/05\/10\/nouvelle-voie-vers-la-residence-permanente-hors-quebec\/","title":{"rendered":"Nouvelle voie vers la r\u00e9sidence permanente hors Qu\u00e9bec"},"content":{"rendered":"\r\n<p>Le principal \u00e9v\u00e8nement du mois d\u2019avril dans le milieu de l\u2019immigration \u00e9tait certainement la cr\u00e9ation d\u2019une nouvelle voie vers la r\u00e9sidence permanente pour plus de 90\u00a0000 travailleurs essentiels et \u00e9tudiants \u00e9trangers dipl\u00f4m\u00e9s. Cette nouvelle voie vers la r\u00e9sidence permanente s\u2019adresse aux travailleurs de la sant\u00e9, \u00e0 certains travailleurs essentiels et aux dipl\u00f4m\u00e9s du Canada qui occupent d\u00e9j\u00e0 un emploi au pays et poss\u00e8dent le niveau minimal requis dans une des deux langues officielles.<\/p>\r\n\r\n\r\n\r\n<p>Le programme est divis\u00e9 en six volets\u00a0:<\/p>\r\n\r\n\r\n\r\n<ul>\r\n<li>Travailleurs de la sant\u00e9 au Canada\u00a0\u2013 20\u2009000\u00a0places;<\/li>\r\n<li>Travailleurs essentiels au Canada dans un autre domaine que la sant\u00e9\u2013 30\u2009000\u00a0places;<\/li>\r\n<li>\u00c9trangers r\u00e9cemment dipl\u00f4m\u00e9s d\u2019un \u00e9tablissement d\u2019enseignement canadien \u2013 40\u2009000\u00a0places (limite d\u00e9j\u00e0 atteinte pour les non-francophones);<\/li>\r\n<li>Travailleurs de la sant\u00e9 d\u2019expression fran\u00e7aise au Canada \u2013 aucune limite;<\/li>\r\n<li>Travailleurs essentiels d\u2019expression fran\u00e7aise au Canada dans un autre domaine que la sant\u00e9 \u2013 aucune limite;<\/li>\r\n<li>\u00c9tranger d\u2019expression fran\u00e7aise r\u00e9cemment dipl\u00f4m\u00e9 d\u2019un \u00e9tablissement d\u2019enseignement canadien \u2013 aucune limite.<\/li>\r\n<\/ul>\r\n\r\n\r\n\r\n<p>Les places sont donc limit\u00e9es pour les non-francophones. Si vous croyez \u00eatre admissible \u00e0 l\u2019un de ces programmes, faites vite, car le nombre maximal de demandes pourrait vite \u00eatre atteint! Les francophones ne sont toutefois pas vis\u00e9s par la limite de demande, afin de promouvoir la francophonie \u00e0 travers le pays. Une belle option pour les travailleurs temporaires et les \u00e9tudiants \u00e9trangers francophones hors Qu\u00e9bec!<\/p>\r\n","protected":false},"excerpt":{"rendered":"<p>Le principal \u00e9v\u00e8nement du mois d\u2019avril dans le milieu de [&hellip;]<\/p>\n","protected":false},"author":1,"featured_media":11102,"comment_status":"open","ping_status":"open","sticky":false,"template":"","format":"standard","meta":[],"categories":[3],"tags":[],"_links":{"self":[{"href":"https:\/\/brunelimmigration.com\/blog\/wp-json\/wp\/v2\/posts\/4574"}],"collection":[{"href":"https:\/\/brunelimmigration.com\/blog\/wp-json\/wp\/v2\/posts"}],"about":[{"href":"https:\/\/brunelimmigration.com\/blog\/wp-json\/wp\/v2\/types\/post"}],"author":[{"embeddable":true,"href":"https:\/\/brunelimmigration.com\/blog\/wp-json\/wp\/v2\/users\/1"}],"replies":[{"embeddable":true,"href":"https:\/\/brunelimmigration.com\/blog\/wp-json\/wp\/v2\/comments?post=4574"}],"version-history":[{"count":1,"href":"https:\/\/brunelimmigration.com\/blog\/wp-json\/wp\/v2\/posts\/4574\/revisions"}],"predecessor-version":[{"id":11117,"href":"https:\/\/brunelimmigration.com\/blog\/wp-json\/wp\/v2\/posts\/4574\/revisions\/11117"}],"wp:featuredmedia":[{"embeddable":true,"href":"https:\/\/brunelimmigration.com\/blog\/wp-json\/wp\/v2\/media\/11102"}],"wp:attachment":[{"href":"https:\/\/brunelimmigration.com\/blog\/wp-json\/wp\/v2\/media?parent=4574"}],"wp:term":[{"taxonomy":"category","embeddable":true,"href":"https:\/\/brunelimmigration.com\/blog\/wp-json\/wp\/v2\/categories?post=4574"},{"taxonomy":"post_tag","embeddable":true,"href":"https:\/\/brunelimmigration.com\/blog\/wp-json\/wp\/v2\/tags?post=4574"}],"curies":[{"name":"wp","href":"https:\/\/api.w.org\/{rel}","templated":true}]}}