{"id":1131,"date":"2020-05-28T17:44:10","date_gmt":"2020-05-28T21:44:10","guid":{"rendered":"https:\/\/brunelimmigration.com\/?p=1131"},"modified":"2022-03-07T21:12:49","modified_gmt":"2022-03-07T20:12:49","slug":"un-vent-de-changement-le-projet-de-reforme-du-programme-de-lexperience-quebecoise-peq","status":"publish","type":"post","link":"https:\/\/brunelimmigration.com\/blog\/2020\/05\/28\/un-vent-de-changement-le-projet-de-reforme-du-programme-de-lexperience-quebecoise-peq\/","title":{"rendered":"Un vent de changement &#8211; Le projet de r\u00e9forme du Programme de l&rsquo;Exp\u00e9rience Qu\u00e9b\u00e9coise (PEQ)"},"content":{"rendered":"<p>Un peu plus t\u00f4t aujourd\u2019hui, le ministre de l\u2019Immigration, de la Francisation et de l\u2019Inclusion, Simon Jolin-Barrette pr\u00e9senta son tout nouveau projet de r\u00e9forme du PEQ, quelques mois seulement apr\u00e8s la mise sur pied d\u2019un premier projet qui n\u2019avait finalement jamais vu le jour.<\/p>\n<p>Gardons en t\u00eate qu\u2019en 2019, c\u2019est 86% de tous les CSQ qui furent \u00e9mis via ce programme.<\/p>\n<p>Les mesures sont tr\u00e8s diff\u00e9rentes que celles qui avaient alors \u00e9t\u00e9 mises en place. Voici un r\u00e9sum\u00e9 des principaux points mentionn\u00e9s\u00a0:<\/p>\n<ul>\n<li>Pour le PEQ \u2013 Travailleurs, une exp\u00e9rience de travail de 36 mois (3 ans) sur les 48 derniers mois sera d\u00e9sormais requise.<\/li>\n<li>Pour le PEQ \u2013 Dipl\u00f4m\u00e9s, en plus de la preuve relative \u00e0 l\u2019accomplissement du processus scolaire,\n<ul>\n<li>Une exp\u00e9rience de travail de 12 mois sera requise pour les \u00e9tudiants ayant compl\u00e9t\u00e9 un programme de baccalaur\u00e9at, ma\u00eetrise, ou un DEC technique. Seuls les emplois de niveau 0, A ou B de la Classification nationale des professions (CNP) sont accept\u00e9s, mais ils n\u2019auront pas forc\u00e9ment \u00e0 \u00eatre en lien avec le domaine d\u2019\u00e9tudes. Les emplois de niveau C et D de la CNP ne seront plus accept\u00e9s.<\/li>\n<li>Une exp\u00e9rience de travail de 24 mois sera requise pour les \u00e9tudiants ayant compl\u00e9t\u00e9 un programme de DEP 1800 heures. Pour les emplois de niveau 0, A ou B de la Classification nationale des professions, ils n\u2019auront pas forc\u00e9ment \u00e0 \u00eatre en lien avec le domaine d\u2019\u00e9tudes. Les emplois de niveau C de la CNP seront accept\u00e9s, \u00e0 condition qu\u2019ils soient directement en lien avec le programme d\u2019\u00e9tudes.<\/li>\n<\/ul>\n<\/li>\n<li>Les d\u00e9lais de traitement seront finalement d\u2019environ six mois, plut\u00f4t que les 20 jours ouvrables annonc\u00e9s.<\/li>\n<li>Il y aura une clause transitoire pour les \u00e9tudiants n\u2019ayant toujours pas pr\u00e9sent\u00e9 leur demande de CSQ, mais ayant obtenu un permis de travail post-dipl\u00f4me.<\/li>\n<\/ul>\n<p>Heureusement, pour cette r\u00e9forme il n\u2019y aura pas de liste d\u2019emplois ou de programmes admissibles, d\u2019o\u00f9 la grosse diff\u00e9rence avec la pr\u00e9c\u00e9dente r\u00e9forme.<\/p>\n<p>Si vous souhaitez obtenir plus de d\u00e9tails \u00e0 ce sujet, n\u2019h\u00e9sitez pas \u00e0 nous contacter; il nous fera plaisir de r\u00e9pondre \u00e0 vos questions.<\/p>\n<p>Pour en savoir plus:<\/p>\n<p><a href=\"http:\/\/www.mifi.gouv.qc.ca\/fr\/presse\/communiques\/com20200528.html\">Communiqu\u00e9 de presse du de l\u2019Immigration, de la Francisation et de l\u2019Inclusion<\/a><\/p>\n<p><a href=\"https:\/\/www.ledevoir.com\/politique\/quebec\/579756\/point-de-presse-simon-jolin-barrette-28-mai\">D\u00e9voilement de la r\u00e9forme du Programme de l&rsquo;exp\u00e9rience qu\u00e9b\u00e9coise<\/a><\/p>\n","protected":false},"excerpt":{"rendered":"<p>Un peu plus t\u00f4t aujourd\u2019hui, le ministre de l\u2019Immigration, de [&hellip;]<\/p>\n","protected":false},"author":1,"featured_media":11097,"comment_status":"open","ping_status":"open","sticky":false,"template":"","format":"standard","meta":[],"categories":[3],"tags":[],"_links":{"self":[{"href":"https:\/\/brunelimmigration.com\/blog\/wp-json\/wp\/v2\/posts\/1131"}],"collection":[{"href":"https:\/\/brunelimmigration.com\/blog\/wp-json\/wp\/v2\/posts"}],"about":[{"href":"https:\/\/brunelimmigration.com\/blog\/wp-json\/wp\/v2\/types\/post"}],"author":[{"embeddable":true,"href":"https:\/\/brunelimmigration.com\/blog\/wp-json\/wp\/v2\/users\/1"}],"replies":[{"embeddable":true,"href":"https:\/\/brunelimmigration.com\/blog\/wp-json\/wp\/v2\/comments?post=1131"}],"version-history":[{"count":1,"href":"https:\/\/brunelimmigration.com\/blog\/wp-json\/wp\/v2\/posts\/1131\/revisions"}],"predecessor-version":[{"id":11120,"href":"https:\/\/brunelimmigration.com\/blog\/wp-json\/wp\/v2\/posts\/1131\/revisions\/11120"}],"wp:featuredmedia":[{"embeddable":true,"href":"https:\/\/brunelimmigration.com\/blog\/wp-json\/wp\/v2\/media\/11097"}],"wp:attachment":[{"href":"https:\/\/brunelimmigration.com\/blog\/wp-json\/wp\/v2\/media?parent=1131"}],"wp:term":[{"taxonomy":"category","embeddable":true,"href":"https:\/\/brunelimmigration.com\/blog\/wp-json\/wp\/v2\/categories?post=1131"},{"taxonomy":"post_tag","embeddable":true,"href":"https:\/\/brunelimmigration.com\/blog\/wp-json\/wp\/v2\/tags?post=1131"}],"curies":[{"name":"wp","href":"https:\/\/api.w.org\/{rel}","templated":true}]}}