{"id":1128,"date":"2020-05-19T14:21:44","date_gmt":"2020-05-19T18:21:44","guid":{"rendered":"https:\/\/brunelimmigration.com\/?p=1128"},"modified":"2022-03-07T21:13:05","modified_gmt":"2022-03-07T20:13:05","slug":"les-rendez-vous-de-brunel-immigration-webinaires","status":"publish","type":"post","link":"https:\/\/brunelimmigration.com\/blog\/2020\/05\/19\/les-rendez-vous-de-brunel-immigration-webinaires\/","title":{"rendered":"Les rendez-vous de Brunel Immigration : Webinaires"},"content":{"rendered":"<p>Au cours des prochaines semaines, nos avocates participeront \u00e0 de courts webinaires que nous mettons en place afin d\u2019aborder plusieurs th\u00e8mes relatifs \u00e0 l\u2019immigration canadienne. De l\u2019immigration \u00e9conomique \u00e0 l\u2019immigration familiale, elles vous \u00e9claireront sur les d\u00e9marches \u00e0 suivre pour venir et rester au Canada; elles vous donneront des conseils sur les strat\u00e9gies \u00e0 adopter et \u00e0 la fin de chaque pr\u00e9sentation, elles se feront un plaisir de r\u00e9pondre \u00e0 vos questions.<\/p>\n<p>Ainsi, nous souhaitons vous aider \u00e0 d\u00e9marrer un parcours qui peut parfois sembler sinueux et ce, en vulgarisant pour vous des concepts et en vous guidant.<\/p>\n<p>Nous vous invitons \u00e0 vous inscrire d\u00e8s maintenant!<\/p>\n<p>&nbsp;<\/p>\n<p><strong>26 mai 2020\u00a0:\u00a0<a href=\"https:\/\/my.demio.com\/ref\/GUHVBZaYNgU08PNy\"><u>Immigrer au Qu\u00e9bec depuis l\u2019\u00e9tranger \u2013 Processus g\u00e9n\u00e9ral et conseils utiles<\/u><\/a><\/strong><\/p>\n<p>Nous y examinerons les diff\u00e9rents programmes d\u2019immigration permanente au Qu\u00e9bec qui sont actuellement en place. Nous passerons par le programme des travailleurs qualifi\u00e9s, incluant la plateforme Arrima, le Programme de l\u2019Exp\u00e9rience Qu\u00e9b\u00e9coise et sa possible r\u00e9forme. Nous aborderons \u00e9galement le programme des gens d\u2019affaires.<\/p>\n<p>Il s\u2019agit d\u2019une formation excessivement importante et globale, d\u2019autant plus qu\u2019avec les diff\u00e9rents changements annonc\u00e9s et\/ou mis sur pied par les autorit\u00e9s qu\u00e9b\u00e9coises de l\u2019immigration, il est facile de s\u2019y perdre.<\/p>\n<p><strong>9 juin 2020\u00a0:\u00a0<a href=\"https:\/\/my.demio.com\/ref\/j9UmCSeRfQfZRR8F\"><u>Obtenir un permis d\u2019\u00e9tudes au Qu\u00e9bec<\/u><\/a><\/strong><\/p>\n<p>Nous commencerons par le tout d\u00e9but. Comment bien choisir son programme de formation? Quels sont les facteurs importants \u00e0 consid\u00e9rer dans le cadre d\u2019une demande de permis d\u2019\u00e9tudes? Est-ce que les \u00e9tudiants peuvent venir avec leur famille et si oui, sous quelles conditions?<\/p>\n<p>Ensuite, le processus d\u2019immigration continue pour certains et nous aborderons \u00e9galement cette suite. Comment obtenir un permis de travail post-dipl\u00f4me? Comment acqu\u00e9rir un statut de r\u00e9sident permanent? Il est essentiel de bien comprendre ces enjeux d\u00e8s le d\u00e9part afin d\u2019avoir un parcours migratoire harmonieux.<\/p>\n<p><strong>23 juin 2020\u00a0: <a href=\"https:\/\/my.demio.com\/ref\/hOPb1utKkXfcC5eH\"><u>Obtenir un permis de travail au Qu\u00e9bec \u2013 Les diff\u00e9rents types de permis<\/u><\/a><\/strong><\/p>\n<p>Nous y d\u00e9chiffrerons et y expliquerons les grands groupes de permis de travail qui existent; en effet, plusieurs dizaines de types de permis de travail sont possibles \u00e0 l\u2019heure actuelle, et nous souhaitons vous aider \u00e0 vous y retrouver. Si certaines de ces demandes n\u00e9cessitent des d\u00e9marches assez lourdes, d\u2019autres peuvent s\u2019obtenir plus rapidement, plus facilement et\/ou \u00e0 la fronti\u00e8re. Dans tous les cas, il est primordial d\u2019\u00e9tablir quelle est la meilleure strat\u00e9gie pour chaque type d\u2019option, selon votre profil de travailleur.<\/p>\n<p>Nous souhaitons donc vous permettre, par ce webinaire, d\u2019avoir une vue d\u2019ensemble \u00e9clair\u00e9e sur les diff\u00e9rentes possibilit\u00e9s qui s\u2019offrent \u00e0 vous.<\/p>\n<p><strong>7 juillet 2020\u00a0: <a href=\"https:\/\/my.demio.com\/ref\/rIlJNaOKrQuzD4Un\"><u>Entreprendre au Qu\u00e9bec \u2013 Pistes de solution pour les freelancers \/ travailleurs ind\u00e9pendants <\/u><\/a><\/strong><\/p>\n<p>Nous sommes conscientes que le parcours d\u2019immigration du travailleur autonome au Qu\u00e9bec peut s\u2019apparenter \u00e0 un v\u00e9ritable parcours du combattant, raison pour laquelle nous souhaitons offrir une formation sur ce seul sujet. Nous vous donnerons donc les meilleures astuces pour bien r\u00e9ussir votre projet.<\/p>\n<p>Pour ce webinaire, une p\u00e9riode de questions pour longue sera pr\u00e9vue, afin de couvrir le mieux possible les particularit\u00e9s de chaque cas.<\/p>\n<p><strong>21 juillet 2020\u00a0: <a href=\"https:\/\/my.demio.com\/ref\/C24F3YgGBoiQBkJX\"><u>Parrainer sa famille<\/u><\/a><\/strong><\/p>\n<p>Nous savons que les demandes de parrainage sont souvent sensibles et vous tiennent particuli\u00e8rement \u00e0 c\u0153ur. C\u2019est pourquoi nous offrons cette petite formation, afin d\u2019expliquer non seulement quelles sont les d\u00e9marches \u00e0 entreprendre de fa\u00e7on globale, mais afin \u00e9galement de vous indiquer les pi\u00e8ges \u00e0 inviter, les meilleurs arguments \u00e0 mettre de l\u2019avant, etc.<\/p>\n<p>Que vous soyez interpell\u00e9s par le parrainage de votre \u00e9poux, conjoint de fait, de vos enfants ou de vos parents, nous serons en mesure de vous aider dans votre projet.<\/p>\n<p>&nbsp;<\/p>\n<p>Au plaisir de vous y rencontrer!<\/p>\n","protected":false},"excerpt":{"rendered":"<p>Au cours des prochaines semaines, nos avocates participeront \u00e0 de [&hellip;]<\/p>\n","protected":false},"author":1,"featured_media":11107,"comment_status":"open","ping_status":"open","sticky":false,"template":"","format":"standard","meta":[],"categories":[3],"tags":[],"_links":{"self":[{"href":"https:\/\/brunelimmigration.com\/blog\/wp-json\/wp\/v2\/posts\/1128"}],"collection":[{"href":"https:\/\/brunelimmigration.com\/blog\/wp-json\/wp\/v2\/posts"}],"about":[{"href":"https:\/\/brunelimmigration.com\/blog\/wp-json\/wp\/v2\/types\/post"}],"author":[{"embeddable":true,"href":"https:\/\/brunelimmigration.com\/blog\/wp-json\/wp\/v2\/users\/1"}],"replies":[{"embeddable":true,"href":"https:\/\/brunelimmigration.com\/blog\/wp-json\/wp\/v2\/comments?post=1128"}],"version-history":[{"count":1,"href":"https:\/\/brunelimmigration.com\/blog\/wp-json\/wp\/v2\/posts\/1128\/revisions"}],"predecessor-version":[{"id":11121,"href":"https:\/\/brunelimmigration.com\/blog\/wp-json\/wp\/v2\/posts\/1128\/revisions\/11121"}],"wp:featuredmedia":[{"embeddable":true,"href":"https:\/\/brunelimmigration.com\/blog\/wp-json\/wp\/v2\/media\/11107"}],"wp:attachment":[{"href":"https:\/\/brunelimmigration.com\/blog\/wp-json\/wp\/v2\/media?parent=1128"}],"wp:term":[{"taxonomy":"category","embeddable":true,"href":"https:\/\/brunelimmigration.com\/blog\/wp-json\/wp\/v2\/categories?post=1128"},{"taxonomy":"post_tag","embeddable":true,"href":"https:\/\/brunelimmigration.com\/blog\/wp-json\/wp\/v2\/tags?post=1128"}],"curies":[{"name":"wp","href":"https:\/\/api.w.org\/{rel}","templated":true}]}}