{"id":11213,"date":"2023-05-02T09:28:49","date_gmt":"2023-05-02T13:28:49","guid":{"rendered":"https:\/\/brunelimmigration.com\/blog\/?p=11213"},"modified":"2023-05-02T09:29:29","modified_gmt":"2023-05-02T13:29:29","slug":"flash-info-immigration-2-mai-2023","status":"publish","type":"post","link":"https:\/\/brunelimmigration.com\/blog\/2023\/05\/02\/flash-info-immigration-2-mai-2023\/","title":{"rendered":"Flash-info immigration du 2 mai 2023"},"content":{"rendered":"<p><em>Par Rosalie Brunel, avocate fondatrice <\/em><\/p>\n<p><em>Brunel Immigration Avocats<\/em><\/p>\n<p>Voici les derni\u00e8res nouvelles en mati\u00e8re d\u2019immigration au pays\u00a0:<\/p>\n<h2>Fin de la gr\u00e8ve chez les fonctionnaires f\u00e9d\u00e9raux\u00a0: retard dans le traitement des demandes<\/h2>\n<p>La majorit\u00e9 des employ\u00e9s de la fonction publique f\u00e9d\u00e9rale ont fait la gr\u00e8ve du mercredi 19 avril dernier jusqu\u2019au 1<sup>er<\/sup> mai.\u00a0 Les employ\u00e9s de Service Canada, qui traitent notamment les demandes d\u2019\u00c9tude d\u2019Impact sur le March\u00e9 du Travail (EIMT) et la collecte de donn\u00e9es biom\u00e9triques au Canada, ainsi que les employ\u00e9s d\u2019Immigration Canada \u00e9taient parmi ceux-ci.\u00a0 La gr\u00e8ve aura dur\u00e9 un peu moins de deux semaines.\u00a0 Des d\u00e9lais additionnels \u00e9quivalents sont d\u00e9finitivement \u00e0 pr\u00e9voir.<\/p>\n<p>La gr\u00e8ve est d\u00e9sormais termin\u00e9e pour tous les fonctionnaires f\u00e9d\u00e9raux \u00e0 l\u2019exception des employ\u00e9s de l\u2019Agence de Revenu du Canada.<\/p>\n<h2>Assouplissement des programmes d\u2019immigration au Qu\u00e9bec<\/h2>\n<p>Des changements majeurs se trament dans la politique d\u2019immigration qu\u00e9b\u00e9coise\u2026\u00a0 Ces derniers jours, les m\u00e9dias ont fait \u00e9tat de la baisse astronomique du nombre de demandes dans le cadre du Programme de l\u2019Exp\u00e9rience Qu\u00e9b\u00e9coise (PEQ)\u00a0: en effet, on enregistre quatre fois moins de demandes qu\u2019en 2021\u2026 Les immigrants choisiraient une autre province ou carr\u00e9ment un autre pays pour s\u2019\u00e9tablir.\u00a0 Plusieurs estiment que le gouvernement s\u2019est tir\u00e9 dans le pied en restreignant l\u2019acc\u00e8s au PEQ en juillet 2020.<\/p>\n<p>Le gouvernement s\u2019appr\u00eaterait donc \u00e0 faire marche arri\u00e8re.\u00a0 Mais cette nouvelle r\u00e9forme ne se limiterait pas qu\u2019au seul programme du PEQ.\u00a0 En effet, des mesures pourraient \u00eatre mises en place tr\u00e8s rapidement notamment concernant le travail saisonnier, apportant ainsi une solution tr\u00e8s attendue par les employeurs du domaine de la construction.<\/p>\n<p>Il faudra suivre attentivement les nouvelles en immigration dans les prochaines semaines au Qu\u00e9bec, voire m\u00eame les prochains jours!<\/p>\n<h2>Clarification relativement \u00e0 la double intention<\/h2>\n<p>Lorsqu\u2019une personne d\u00e9pose une demande d\u2019entr\u00e9e au Canada pour un s\u00e9jour temporaire (visiteur, travailleur ou \u00e9tudiant), une des premi\u00e8res questions que doit se poser l\u2019agent d\u2019immigration canadien est de juger si cette personne a une intention <em>temporaire <\/em>concernant son s\u00e9jour au Canada.\u00a0 C\u2019est-\u00e0-dire que l\u2019agent doit \u00eatre convaincu que la personne quittera le territoire canadien \u00e0 la fin de la p\u00e9riode de s\u00e9jour autoris\u00e9e et qu\u2019elle n\u2019a pas l\u2019intention de demeurer au Canada de mani\u00e8re permanente.<\/p>\n<p>D\u2019autre part, le Canada (et le Qu\u00e9bec) souhaite retenir les r\u00e9sidents temporaires au pays afin qu\u2019ils deviennent des r\u00e9sidents permanents.<\/p>\n<p>Alors que fait-on lorsqu\u2019on est un \u00e9tranger qui souhaite d\u2019abord venir au Canada pour un s\u00e9jour temporaire, tout en ayant l\u2019intention d\u2019obtenir \u00e9ventuellement la r\u00e9sidence permanente (ce qu\u2019on appelle avoir une double intention)?\u00a0 Disons simplement qu\u2019il ne s\u2019agit pas de l\u2019\u00e9l\u00e9ment principal \u00e0 mettre de l\u2019avant dans une demande d\u2019immigration temporaire.<\/p>\n<p>Le gouvernement f\u00e9d\u00e9ral a par contre clarifi\u00e9 la l\u00e9gitimit\u00e9 de la double intention derni\u00e8rement et a rappel\u00e9 \u00e0 ses agents que le gouvernement souhaite effectivement attirer les r\u00e9sidents temporaires de mani\u00e8re permanente au pays.\u00a0 On peut donc esp\u00e9rer que les autorit\u00e9s seront moins s\u00e9v\u00e8res \u00e0 cet effet dans les prochains mois. Plus de d\u00e9tails <span style=\"color: #0000ff;\"><a style=\"color: #0000ff;\" href=\"https:\/\/www.canada.ca\/fr\/immigration-refugies-citoyennete\/organisation\/publications-guides\/bulletins-guides-operationnels\/mises-a-jour\/2023-double-intention.html\">ici<\/a><\/span>.<\/p>\n","protected":false},"excerpt":{"rendered":"<p>Par Rosalie Brunel, avocate fondatrice Brunel Immigration Avocats Voici les [&hellip;]<\/p>\n","protected":false},"author":2,"featured_media":11210,"comment_status":"open","ping_status":"open","sticky":false,"template":"","format":"standard","meta":[],"categories":[3],"tags":[],"_links":{"self":[{"href":"https:\/\/brunelimmigration.com\/blog\/wp-json\/wp\/v2\/posts\/11213"}],"collection":[{"href":"https:\/\/brunelimmigration.com\/blog\/wp-json\/wp\/v2\/posts"}],"about":[{"href":"https:\/\/brunelimmigration.com\/blog\/wp-json\/wp\/v2\/types\/post"}],"author":[{"embeddable":true,"href":"https:\/\/brunelimmigration.com\/blog\/wp-json\/wp\/v2\/users\/2"}],"replies":[{"embeddable":true,"href":"https:\/\/brunelimmigration.com\/blog\/wp-json\/wp\/v2\/comments?post=11213"}],"version-history":[{"count":3,"href":"https:\/\/brunelimmigration.com\/blog\/wp-json\/wp\/v2\/posts\/11213\/revisions"}],"predecessor-version":[{"id":11216,"href":"https:\/\/brunelimmigration.com\/blog\/wp-json\/wp\/v2\/posts\/11213\/revisions\/11216"}],"wp:featuredmedia":[{"embeddable":true,"href":"https:\/\/brunelimmigration.com\/blog\/wp-json\/wp\/v2\/media\/11210"}],"wp:attachment":[{"href":"https:\/\/brunelimmigration.com\/blog\/wp-json\/wp\/v2\/media?parent=11213"}],"wp:term":[{"taxonomy":"category","embeddable":true,"href":"https:\/\/brunelimmigration.com\/blog\/wp-json\/wp\/v2\/categories?post=11213"},{"taxonomy":"post_tag","embeddable":true,"href":"https:\/\/brunelimmigration.com\/blog\/wp-json\/wp\/v2\/tags?post=11213"}],"curies":[{"name":"wp","href":"https:\/\/api.w.org\/{rel}","templated":true}]}}