{"id":1117,"date":"2020-04-22T17:19:45","date_gmt":"2020-04-22T21:19:45","guid":{"rendered":"https:\/\/brunelimmigration.com\/?p=1117"},"modified":"2022-03-07T21:13:21","modified_gmt":"2022-03-07T20:13:21","slug":"immigration-canada-a-suspendu-le-traitement-de-la-majorite-des-demandes-de-permis-de-travail","status":"publish","type":"post","link":"https:\/\/brunelimmigration.com\/blog\/2020\/04\/22\/immigration-canada-a-suspendu-le-traitement-de-la-majorite-des-demandes-de-permis-de-travail\/","title":{"rendered":"Immigration Canada a suspendu le traitement de la majorit\u00e9 des demandes de permis de travail!"},"content":{"rendered":"<p>Suite \u00e0 un avis du 10 avril dernier, nous avons appris que les demandes de visa visiteur jug\u00e9es comme non essentielles, ainsi que les demandes d\u2019autorisation de voyage \u00e9lectronique (AVE) n\u2019\u00e9taient plus trait\u00e9es jusqu\u2019\u00e0 nouvel ordre. Par la suspension du traitement de ces deux types de demandes, Immigration, R\u00e9fugi\u00e9s et Citoyennet\u00e9 Canada (IRCC) souhaite concentrer ses ressources sur les services essentiels.<\/p>\n<p>Cette nouvelle \u00e9tait sans r\u00e9elle surprise compte tenu que les visiteurs ne peuvent plus entrer sur le territoire canadien \u00e0 quelques exceptions pr\u00e8s depuis d\u00e9j\u00e0 presqu\u2019un mois.<\/p>\n<p>Toutefois, cette mesure ne s\u2019arr\u00eatait pas l\u00e0! Ce matin, une d\u00e9claration d\u2019IRCC a \u00e9t\u00e9 publi\u00e9e dans un article de Radio-Canada. En effet, IRCC pr\u00e9cise que les demande de permis de travail pr\u00e9sent\u00e9es de l\u2019ext\u00e9rieur du Canada ne sont plus toutes trait\u00e9es. IRCC indique que seules les demandes \u00ab\u00a0qui se concentrent sp\u00e9cifiquement sur des services essentiels\u00a0\u00bb donc plus particuli\u00e8rement dans\u00a0\u00ab les domaines m\u00e9dicaux et les cha\u00eenes d\u2019approvisionnement alimentaire\u00a0\u00bb sont actuellement trait\u00e9es.<\/p>\n<p>Cette nouvelle enfin confirm\u00e9e nous laisse croire que les d\u00e9lais de traitement seront de plus en plus importants au fil des prochaines semaines. Nous vous invitons donc \u00e0 pr\u00e9parer \u00e0 l\u2019avance votre demande de permis de travail si vous aviez des projets d\u2019immigration temporaire fix\u00e9s pour une certaine date.<\/p>\n<p>Pour en savoir davantage:<\/p>\n<p><a href=\"https:\/\/ici.radio-canada.ca\/nouvelle\/1695857\/immigration-canada-trudeau-trump-suspension-coronavirus?depuisRecherche=true\">Des restrictions pour les temporaires<\/a><\/p>\n<p><a href=\"https:\/\/www.canada.ca\/fr\/immigration-refugies-citoyennete\/nouvelles\/avis\/traitement-visa-covid-19.html\">Changements au traitement des demandes de visa en raison de la COVID-19<\/a><\/p>\n<p><a href=\"https:\/\/www.canada.ca\/fr\/immigration-refugies-citoyennete\/organisation\/mandat\/politiques-directives-operationnelles-ententes-accords\/instructions-ministerielles\/autres-objectifs\/im37.html\">Instructions minist\u00e9rielles concernant le traitement de certaines demandes de r\u00e9sidence temporaire, nouvelles et pendantes<\/a><\/p>\n<p>&nbsp;<\/p>\n","protected":false},"excerpt":{"rendered":"<p>Suite \u00e0 un avis du 10 avril dernier, nous avons [&hellip;]<\/p>\n","protected":false},"author":1,"featured_media":11106,"comment_status":"open","ping_status":"open","sticky":false,"template":"","format":"standard","meta":[],"categories":[3],"tags":[],"_links":{"self":[{"href":"https:\/\/brunelimmigration.com\/blog\/wp-json\/wp\/v2\/posts\/1117"}],"collection":[{"href":"https:\/\/brunelimmigration.com\/blog\/wp-json\/wp\/v2\/posts"}],"about":[{"href":"https:\/\/brunelimmigration.com\/blog\/wp-json\/wp\/v2\/types\/post"}],"author":[{"embeddable":true,"href":"https:\/\/brunelimmigration.com\/blog\/wp-json\/wp\/v2\/users\/1"}],"replies":[{"embeddable":true,"href":"https:\/\/brunelimmigration.com\/blog\/wp-json\/wp\/v2\/comments?post=1117"}],"version-history":[{"count":1,"href":"https:\/\/brunelimmigration.com\/blog\/wp-json\/wp\/v2\/posts\/1117\/revisions"}],"predecessor-version":[{"id":11122,"href":"https:\/\/brunelimmigration.com\/blog\/wp-json\/wp\/v2\/posts\/1117\/revisions\/11122"}],"wp:featuredmedia":[{"embeddable":true,"href":"https:\/\/brunelimmigration.com\/blog\/wp-json\/wp\/v2\/media\/11106"}],"wp:attachment":[{"href":"https:\/\/brunelimmigration.com\/blog\/wp-json\/wp\/v2\/media?parent=1117"}],"wp:term":[{"taxonomy":"category","embeddable":true,"href":"https:\/\/brunelimmigration.com\/blog\/wp-json\/wp\/v2\/categories?post=1117"},{"taxonomy":"post_tag","embeddable":true,"href":"https:\/\/brunelimmigration.com\/blog\/wp-json\/wp\/v2\/tags?post=1117"}],"curies":[{"name":"wp","href":"https:\/\/api.w.org\/{rel}","templated":true}]}}