{"id":1081,"date":"2020-04-06T18:44:53","date_gmt":"2020-04-06T22:44:53","guid":{"rendered":"https:\/\/brunelimmigration.com\/?p=1081"},"modified":"2022-03-07T21:13:53","modified_gmt":"2022-03-07T20:13:53","slug":"travailleurs-etrangers-inscrivez-vous-a-la-prestation-canadienne-durgence-des-maintenant","status":"publish","type":"post","link":"https:\/\/brunelimmigration.com\/blog\/en\/2020\/04\/06\/travailleurs-etrangers-inscrivez-vous-a-la-prestation-canadienne-durgence-des-maintenant\/","title":{"rendered":"Travailleurs \u00e9trangers, inscrivez-vous \u00e0 la Prestation Canadienne d\u2019Urgence d\u00e8s maintenant!"},"content":{"rendered":"<p>Vous pouvez vous inscrire en ligne d\u00e8s aujourd\u2019hui pour obtenir la Prestation Canadienne d\u2019Urgence (PCU). Le gouvernement f\u00e9d\u00e9ral a mis en place ce programme pour venir en aide \u00e0 la grande majorit\u00e9 de la population incluant les travailleurs \u00e9trangers!<\/p>\n<p>Voici les crit\u00e8res d\u2019admissibilit\u00e9\u00a0:<\/p>\n<ul>\n<li>r\u00e9sider au Canada;<\/li>\n<li>\u00eatre \u00e2g\u00e9 de 15 ans ou plus au moment de la demande;<\/li>\n<li>avoir gagn\u00e9 un revenu d\u2019au moins 5,000\u00a0$ dans les 12 derniers mois ou au cours de l\u2019ann\u00e9e civile 2019, soit\u00a0:\n<ul>\n<li>un revenu d\u2019emploi;<\/li>\n<li>un revenu de travail ind\u00e9pendant;<\/li>\n<\/ul>\n<\/li>\n<\/ul>\n<p>N.B\u00a0. Il n\u2019est <u>pas<\/u> n\u00e9cessaire que le revenu ait \u00e9t\u00e9 gagn\u00e9 au Canada.<\/p>\n<ul>\n<li>ne pas avoir quitt\u00e9 votre emploi volontairement;<\/li>\n<li>avoir cess\u00e9 ou vous attendre \u00e0 cesser de travailler pour des raisons li\u00e9es \u00e0 la COVID-19, ou parce que vous \u00eates incapable de travailler pour cause de maladie, ou parce que vous avez perdu votre emploi pour des raisons ind\u00e9pendantes de votre volont\u00e9 et :\n<ul>\n<li>vous avez pr\u00e9sent\u00e9 une premi\u00e8re demande, vous avez cess\u00e9 ou cesserez de travailler pour des raisons li\u00e9es \u00e0 la COVID-19 pendant au moins 14 jours cons\u00e9cutifs au cours de la p\u00e9riode de prestations de 4 semaines;<\/li>\n<li>vous avez pr\u00e9sent\u00e9 une demande pour une p\u00e9riode ult\u00e9rieure et vous n\u2019\u00eates pas retourn\u00e9 au travail depuis votre premi\u00e8re demande, vous \u00eates sans revenu d\u2019emploi ou sans revenu de travail ind\u00e9pendant depuis que vous recevez la Prestation et ne pr\u00e9voyez pas avoir de revenu d\u2019emploi ou de travail ind\u00e9pendant au cours de la p\u00e9riode de prestations de 4 semaines;<\/li>\n<li>vous pr\u00e9sentez une demande pour une p\u00e9riode ult\u00e9rieure apr\u00e8s avoir repris le travail entre deux p\u00e9riodes, vous avez cess\u00e9 ou cesserez de travailler pour des raisons li\u00e9es \u00e0 la COVID-19 pendant au moins 14 jours cons\u00e9cutifs au cours de la p\u00e9riode de prestations de 4 semaines;<\/li>\n<\/ul>\n<\/li>\n<li>ne pas recevoir la Prestation canadienne d\u2019urgence de l\u2019Agence du revenu du Canada et ne pas en avoir fait la demande;<\/li>\n<li>ne recevoir aucune prestations d\u2019assurance-emploi pour la m\u00eame p\u00e9riode de prestations.<\/li>\n<\/ul>\n<p><a href=\"https:\/\/www.canada.ca\/fr\/services\/prestations\/ae\/pcusc-application.html\">Inscrivez-vous d\u00e8s maintenant!<\/a><\/p>","protected":false},"excerpt":{"rendered":"<p>Vous pouvez vous inscrire en ligne d\u00e8s aujourd\u2019hui pour obtenir [&hellip;]<\/p>","protected":false},"author":1,"featured_media":11108,"comment_status":"open","ping_status":"open","sticky":false,"template":"","format":"standard","meta":[],"categories":[3],"tags":[],"_links":{"self":[{"href":"https:\/\/brunelimmigration.com\/blog\/en\/wp-json\/wp\/v2\/posts\/1081"}],"collection":[{"href":"https:\/\/brunelimmigration.com\/blog\/en\/wp-json\/wp\/v2\/posts"}],"about":[{"href":"https:\/\/brunelimmigration.com\/blog\/en\/wp-json\/wp\/v2\/types\/post"}],"author":[{"embeddable":true,"href":"https:\/\/brunelimmigration.com\/blog\/en\/wp-json\/wp\/v2\/users\/1"}],"replies":[{"embeddable":true,"href":"https:\/\/brunelimmigration.com\/blog\/en\/wp-json\/wp\/v2\/comments?post=1081"}],"version-history":[{"count":1,"href":"https:\/\/brunelimmigration.com\/blog\/en\/wp-json\/wp\/v2\/posts\/1081\/revisions"}],"predecessor-version":[{"id":11124,"href":"https:\/\/brunelimmigration.com\/blog\/en\/wp-json\/wp\/v2\/posts\/1081\/revisions\/11124"}],"wp:featuredmedia":[{"embeddable":true,"href":"https:\/\/brunelimmigration.com\/blog\/en\/wp-json\/wp\/v2\/media\/11108"}],"wp:attachment":[{"href":"https:\/\/brunelimmigration.com\/blog\/en\/wp-json\/wp\/v2\/media?parent=1081"}],"wp:term":[{"taxonomy":"category","embeddable":true,"href":"https:\/\/brunelimmigration.com\/blog\/en\/wp-json\/wp\/v2\/categories?post=1081"},{"taxonomy":"post_tag","embeddable":true,"href":"https:\/\/brunelimmigration.com\/blog\/en\/wp-json\/wp\/v2\/tags?post=1081"}],"curies":[{"name":"wp","href":"https:\/\/api.w.org\/{rel}","templated":true}]}}