{"id":1033,"date":"2020-03-23T13:45:21","date_gmt":"2020-03-23T17:45:21","guid":{"rendered":"https:\/\/brunelimmigration.com\/?p=1033"},"modified":"2022-03-07T21:14:07","modified_gmt":"2022-03-07T20:14:07","slug":"un-retour-au-canada-bien-attendu-pour-de-nombreux-travailleurs-temporaires-et-etudiants-etrangers","status":"publish","type":"post","link":"https:\/\/brunelimmigration.com\/blog\/en\/2020\/03\/23\/un-retour-au-canada-bien-attendu-pour-de-nombreux-travailleurs-temporaires-et-etudiants-etrangers\/","title":{"rendered":"Un retour au Canada bien attendu pour de nombreux travailleurs temporaires et \u00e9tudiants \u00e9trangers!"},"content":{"rendered":"<p>Le gouvernement du Canada confirme que les directives sont en place, afin de permettre \u00e0 de nombreux travailleurs \u00e9trangers temporaires, ainsi qu\u2019aux \u00e9tudiants \u00e9trangers de rentrer au Canada.<\/p>\n<p>Nous nous voyons rassur\u00e9s de constater que le Gouvernement reconna\u00eet l\u2019importance de ces nombreux acteurs pour l\u2019\u00e9conomie nationale.<\/p>\n<p>Voici une liste des personnes qui sont admis au Canada, et ce, d\u00e8s maintenant\u00a0:<\/p>\n<ul>\n<li>les \u00e9trangers voyageant \u00e0 l\u2019invitation du gouvernement canadien dans un but li\u00e9 au confinement du COVID-19;<\/li>\n<li>les membres de la famille proche de citoyens canadiens;<\/li>\n<li>les membres de la famille proche des r\u00e9sidents permanents du Canada;<\/li>\n<li>une personne autoris\u00e9e, par \u00e9crit, par un fonctionnaire consulaire du gouvernement du Canada \u00e0 entrer au Canada afin de r\u00e9unir des membres de sa famille imm\u00e9diate;<\/li>\n<li>une personne inscrite comme Indien en vertu de la Loi sur les Indiens;<\/li>\n<li>les diplomates accr\u00e9dit\u00e9s et les membres de leur famille (y compris l\u2019OTAN, les membres de l\u2019Accord relatif au Si\u00e8ge des Nations Unies et d\u2019autres organisations);<\/li>\n<li>les \u00e9quipages a\u00e9riens;<\/li>\n<li>tout \u00e9tranger, ou groupe d\u2019\u00e9trangers, dont l\u2019entr\u00e9e serait dans l\u2019int\u00e9r\u00eat national, tel que d\u00e9termin\u00e9 par le ministre des Affaires \u00e9trang\u00e8res, le ministre de l\u2019Immigration, des R\u00e9fugi\u00e9s et de la Citoyennet\u00e9, et le ministre de la S\u00e9curit\u00e9 publique;<\/li>\n<li>les membres des Forces canadiennes ou d\u2019une force \u00e9trang\u00e8re pr\u00e9sente au Canada et les membres de leur famille;<\/li>\n<li>les passagers en transit;<\/li>\n<li>les travailleurs agricoles saisonniers, les travailleurs du secteur du poisson et des fruits de mer, les aides familiaux et tous les autres travailleurs \u00e9trangers temporaires;<\/li>\n<li>les \u00e9tudiants \u00e9trangers qui avaient un permis d\u2019\u00e9tudes valide, ou qui avaient demand\u00e9 un permis d\u2019\u00e9tudes et qui avaient vu leur demande approuv\u00e9e quand les restrictions de voyage sont entr\u00e9es en vigueur le 18 mars\u00a02020;<\/li>\n<li>les demandeurs de r\u00e9sidence permanente qui avaient \u00e9t\u00e9 approuv\u00e9s pour la r\u00e9sidence permanente avant que les restrictions de voyage aient \u00e9t\u00e9 annonc\u00e9es le 18\u00a0mars\u00a02020, mais qui ne s\u2019\u00e9taient pas encore rendus au Canada.<\/li>\n<\/ul>\n<p>Malheureusement, nous remarquons que les membres de la famille des travailleurs \u00e9trangers et des \u00e9tudiants internationaux sont toujours exclus. Ainsi, le Canada maintient sa position quant \u00e0 la fermeture de ses fronti\u00e8res \u00e0 la plupart des visiteurs.<\/p>\n<p>Pour en savoir plus :<\/p>\n<p><a href=\"https:\/\/www.canada.ca\/fr\/immigration-refugies-citoyennete\/organisation\/publications-guides\/bulletins-guides-operationnels\/prestation-services\/coronavirus\/restrictions-voyages.html\">Restrictions de voyage<\/a><\/p>\n<p><a href=\"https:\/\/www.canada.ca\/fr\/immigration-refugies-citoyennete\/services\/coronavirus-mesures-speciales.html\">COVID-19 &#8211; Les mesures sp\u00e9ciales<\/a><\/p>\n<p><em>Derni\u00e8re mise \u00e0 jour le 27 mars 2020.<\/em><\/p>","protected":false},"excerpt":{"rendered":"<p>Le gouvernement du Canada confirme que les directives sont en [&hellip;]<\/p>","protected":false},"author":1,"featured_media":11094,"comment_status":"open","ping_status":"open","sticky":false,"template":"","format":"standard","meta":[],"categories":[3],"tags":[],"_links":{"self":[{"href":"https:\/\/brunelimmigration.com\/blog\/en\/wp-json\/wp\/v2\/posts\/1033"}],"collection":[{"href":"https:\/\/brunelimmigration.com\/blog\/en\/wp-json\/wp\/v2\/posts"}],"about":[{"href":"https:\/\/brunelimmigration.com\/blog\/en\/wp-json\/wp\/v2\/types\/post"}],"author":[{"embeddable":true,"href":"https:\/\/brunelimmigration.com\/blog\/en\/wp-json\/wp\/v2\/users\/1"}],"replies":[{"embeddable":true,"href":"https:\/\/brunelimmigration.com\/blog\/en\/wp-json\/wp\/v2\/comments?post=1033"}],"version-history":[{"count":2,"href":"https:\/\/brunelimmigration.com\/blog\/en\/wp-json\/wp\/v2\/posts\/1033\/revisions"}],"predecessor-version":[{"id":11126,"href":"https:\/\/brunelimmigration.com\/blog\/en\/wp-json\/wp\/v2\/posts\/1033\/revisions\/11126"}],"wp:featuredmedia":[{"embeddable":true,"href":"https:\/\/brunelimmigration.com\/blog\/en\/wp-json\/wp\/v2\/media\/11094"}],"wp:attachment":[{"href":"https:\/\/brunelimmigration.com\/blog\/en\/wp-json\/wp\/v2\/media?parent=1033"}],"wp:term":[{"taxonomy":"category","embeddable":true,"href":"https:\/\/brunelimmigration.com\/blog\/en\/wp-json\/wp\/v2\/categories?post=1033"},{"taxonomy":"post_tag","embeddable":true,"href":"https:\/\/brunelimmigration.com\/blog\/en\/wp-json\/wp\/v2\/tags?post=1033"}],"curies":[{"name":"wp","href":"https:\/\/api.w.org\/{rel}","templated":true}]}}